{"id":3346,"date":"2026-03-16T16:58:00","date_gmt":"2026-03-16T15:58:00","guid":{"rendered":"https:\/\/kerstins-reich.de\/buecherreich\/?p=3346"},"modified":"2026-04-29T16:58:41","modified_gmt":"2026-04-29T15:58:41","slug":"rezension-unerwartet-mein-leben","status":"publish","type":"post","link":"https:\/\/kerstins-reich.de\/buecherreich\/?p=3346","title":{"rendered":"Rezension: &bdquo;Unerwartet &ndash; Mein Leben&ldquo;"},"content":{"rendered":"<p><img loading=\"lazy\" decoding=\"async\" style=\"border-top: medium none; border-right: medium none; border-bottom: medium none; border-left: medium none; margin: 0px\" border=\"0\" alt=\"\" src=\"http:\/\/www.assoc-amazon.de\/e\/ir?t=httpwwwkers0d-21&amp;l=as2&amp;o=3&amp;a=3839001056\" width=\"1\" height=\"1\" \/>&#160;<img loading=\"lazy\" decoding=\"async\" style=\"border-top: medium none; border-right: medium none; border-bottom: medium none; border-left: medium none; margin: 0px\" border=\"0\" alt=\"\" src=\"http:\/\/www.assoc-amazon.de\/e\/ir?t=httpwwwkers0d-21&amp;l=as2&amp;o=3&amp;a=3839001056\" width=\"1\" height=\"1\" \/> <img loading=\"lazy\" decoding=\"async\" style=\"border-top: medium none; border-right: medium none; border-bottom: medium none; border-left: medium none; margin: 0px\" border=\"0\" alt=\"\" src=\"http:\/\/www.assoc-amazon.de\/e\/ir?t=httpwwwkers0d-21&amp;l=as2&amp;o=3&amp;a=3453354583\" width=\"1\" height=\"1\" \/>     <\/p>\n<table cellspacing=\"0\" cellpadding=\"2\" width=\"400\" border=\"0\">\n<tbody>\n<tr>\n<td valign=\"top\" width=\"102\">\n<p align=\"left\">Autor:<\/p>\n<\/td>\n<td valign=\"top\" width=\"298\">Howard Carpendale            <br \/>(mit Sabine Eichhorst)<\/td>\n<\/tr>\n<tr>\n<td valign=\"top\" width=\"102\">Verlag:<\/td>\n<td valign=\"top\" width=\"298\">Heyne<\/td>\n<\/tr>\n<tr>\n<td valign=\"top\" width=\"102\">ISBN-13:<\/td>\n<td valign=\"top\" width=\"298\">978-3453219168<\/td>\n<\/tr>\n<tr>\n<td valign=\"top\" width=\"102\">Gebundene Ausgabe<\/td>\n<td valign=\"top\" width=\"298\">315 Seiten<\/td>\n<\/tr>\n<tr>\n<td valign=\"top\" width=\"102\">Pers\u00f6nliche            <br \/>Wertung:<\/td>\n<td valign=\"top\" width=\"298\"><img decoding=\"async\" src=\"http:\/\/www.kerstins-reich.de\/pics\/5.jpg\" \/><\/td>\n<\/tr>\n<\/tbody>\n<\/table>\n<p>&#160;<\/p>\n<p><b><i>Auch mit achtzig Jahren auf allen B\u00fchnen zu Hause<\/i><\/b><\/p>\n<p><b><\/b><\/p>\n<p><b>Zum Inhalt:<\/b><\/p>\n<p>Dem S\u00fcdafrikaner aus Durban gelang in den siebziger und achtziger Jahren in Deutschland der gro\u00dfe Durchbruch. Sein unverwechselbarer Akzent, die einf\u00fchlsamen, ehrlichen Texte sicherten ihm eine gro\u00dfe Fangemeinde. In seiner Biografie blickt er zur\u00fcck \u2013 auf die guten, aber auch die schwierigen Zeiten seines Lebens.<\/p>\n<p><b>Meine Meinung:<\/b><\/p>\n<p>Schon als kleines M\u00e4dchen mochte ich die Musik von Howard Carpendale, dieser besondere Akzent hatte es mir einfach angetan. Inzwischen steht er \u2013 mit einer kleinen Unterbrechung \u2013 seit sechzig Jahren auf der B\u00fchne und ich h\u00f6re ihn immer noch gern. Die letzte Tour ist beendet, aber es soll noch lange nicht Schluss sein.<\/p>\n<p>Seine Biografie &quot;Unerwartet&quot; sollte genau das f\u00fcr mich sein. Denn da geht es nicht nur um seine gro\u00dfe Musikerkarriere, hinter Howie, wie er ungern genannt wird, steckt viel mehr. Dieser Mann hat zu vielem eine Meinung und diese scheut er sich nicht zu sagen. Ob es die aktuelle Weltlage ist oder die Politik der Vergangenheit, seine moralischen Werte, seine Bindung zur Familie. Vieles in diesem Buch war neu f\u00fcr mich und ringt mir Bewunderung ab. Vor allem seine Ehrlichkeit, wie er offen mit seinen Fehltritten oder der Krankheit seiner Frau umgeht.<\/p>\n<p>Ich fand das Buch durchg\u00e4ngig sehr interessant, aufschlussreich und gut zu lesen. Die vielen Bilder untermalen dies sehr ausdrucksstark. Wer sich f\u00fcr den S\u00e4nger wie Menschen Howard Carpendale begeistert, kann mit dieser Biografie nicht falschliegen.<\/p>\n<p>&#160;<\/p>\n<p>Link zum Buch: <a title=\"https:\/\/amzn.to\/4uie2yn\" href=\"https:\/\/amzn.to\/4uie2yn\">https:\/\/amzn.to\/4uie2yn<\/a>    <br \/>[Werbung unbezahlt \u2013 Affiliate-Link]<\/p>\n","protected":false},"excerpt":{"rendered":"<p>&#160; Autor: Howard Carpendale (mit Sabine Eichhorst) Verlag: Heyne ISBN-13: 978-3453219168 Gebundene Ausgabe 315 Seiten Pers\u00f6nliche Wertung: &#160; Auch mit achtzig Jahren auf allen B\u00fchnen zu Hause Zum Inhalt: Dem S\u00fcdafrikaner aus Durban gelang in den siebziger und achtziger Jahren in Deutschland der gro\u00dfe Durchbruch. Sein unverwechselbarer Akzent, die einf\u00fchlsamen, ehrlichen Texte sicherten ihm eine [&hellip;]<\/p>\n","protected":false},"author":1,"featured_media":0,"comment_status":"closed","ping_status":"closed","sticky":false,"template":"","format":"standard","meta":{"footnotes":""},"categories":[28,419],"tags":[],"class_list":["post-3346","post","type-post","status-publish","format-standard","hentry","category-biografie","category-carpendale-howard"],"_links":{"self":[{"href":"https:\/\/kerstins-reich.de\/buecherreich\/index.php?rest_route=\/wp\/v2\/posts\/3346","targetHints":{"allow":["GET"]}}],"collection":[{"href":"https:\/\/kerstins-reich.de\/buecherreich\/index.php?rest_route=\/wp\/v2\/posts"}],"about":[{"href":"https:\/\/kerstins-reich.de\/buecherreich\/index.php?rest_route=\/wp\/v2\/types\/post"}],"author":[{"embeddable":true,"href":"https:\/\/kerstins-reich.de\/buecherreich\/index.php?rest_route=\/wp\/v2\/users\/1"}],"replies":[{"embeddable":true,"href":"https:\/\/kerstins-reich.de\/buecherreich\/index.php?rest_route=%2Fwp%2Fv2%2Fcomments&post=3346"}],"version-history":[{"count":1,"href":"https:\/\/kerstins-reich.de\/buecherreich\/index.php?rest_route=\/wp\/v2\/posts\/3346\/revisions"}],"predecessor-version":[{"id":3347,"href":"https:\/\/kerstins-reich.de\/buecherreich\/index.php?rest_route=\/wp\/v2\/posts\/3346\/revisions\/3347"}],"wp:attachment":[{"href":"https:\/\/kerstins-reich.de\/buecherreich\/index.php?rest_route=%2Fwp%2Fv2%2Fmedia&parent=3346"}],"wp:term":[{"taxonomy":"category","embeddable":true,"href":"https:\/\/kerstins-reich.de\/buecherreich\/index.php?rest_route=%2Fwp%2Fv2%2Fcategories&post=3346"},{"taxonomy":"post_tag","embeddable":true,"href":"https:\/\/kerstins-reich.de\/buecherreich\/index.php?rest_route=%2Fwp%2Fv2%2Ftags&post=3346"}],"curies":[{"name":"wp","href":"https:\/\/api.w.org\/{rel}","templated":true}]}}