{"id":3272,"date":"2025-01-18T17:43:00","date_gmt":"2025-01-18T16:43:00","guid":{"rendered":"https:\/\/kerstins-reich.de\/buecherreich\/?p=3272"},"modified":"2025-03-06T17:46:17","modified_gmt":"2025-03-06T16:46:17","slug":"rezension-der-heimweg","status":"publish","type":"post","link":"https:\/\/kerstins-reich.de\/buecherreich\/?p=3272","title":{"rendered":"Rezension: &ldquo;Der Heimweg&rdquo;"},"content":{"rendered":"<p><img loading=\"lazy\" decoding=\"async\" style=\"border-top: medium none; border-right: medium none; border-bottom: medium none; border-left: medium none; margin: 0px\" border=\"0\" alt=\"\" src=\"http:\/\/www.assoc-amazon.de\/e\/ir?t=httpwwwkers0d-21&amp;l=as2&amp;o=3&amp;a=3839001056\" width=\"1\" height=\"1\" \/>&#160;<img loading=\"lazy\" decoding=\"async\" style=\"border-top: medium none; border-right: medium none; border-bottom: medium none; border-left: medium none; margin: 0px\" border=\"0\" alt=\"\" src=\"http:\/\/www.assoc-amazon.de\/e\/ir?t=httpwwwkers0d-21&amp;l=as2&amp;o=3&amp;a=3839001056\" width=\"1\" height=\"1\" \/> <img loading=\"lazy\" decoding=\"async\" style=\"border-top: medium none; border-right: medium none; border-bottom: medium none; border-left: medium none; margin: 0px\" border=\"0\" alt=\"\" src=\"http:\/\/www.assoc-amazon.de\/e\/ir?t=httpwwwkers0d-21&amp;l=as2&amp;o=3&amp;a=3453354583\" width=\"1\" height=\"1\" \/>     <\/p>\n<table cellspacing=\"0\" cellpadding=\"2\" width=\"400\" border=\"0\">\n<tbody>\n<tr>\n<td width=\"102\">\n<p align=\"left\">Autor:<\/p>\n<\/td>\n<td width=\"298\">Sebastian Fitzek<\/td>\n<\/tr>\n<tr>\n<td valign=\"top\" width=\"102\">Verlag:<\/td>\n<td valign=\"top\" width=\"298\">Droemer<\/td>\n<\/tr>\n<tr>\n<td valign=\"top\" width=\"102\">ISBN-13:<\/td>\n<td valign=\"top\" width=\"298\">978-3426281550<\/td>\n<\/tr>\n<tr>\n<td valign=\"top\" width=\"102\">Gebundene Ausgabe<\/td>\n<td valign=\"top\" width=\"298\">492 Seiten<\/td>\n<\/tr>\n<tr>\n<td valign=\"top\" width=\"102\">Pers\u00f6nliche            <br \/>Wertung:<\/td>\n<td valign=\"top\" width=\"298\"><img decoding=\"async\" src=\"http:\/\/www.kerstins-reich.de\/pics\/5.jpg\" \/><\/td>\n<\/tr>\n<\/tbody>\n<\/table>\n<p>&#160;<\/p>\n<h3>Begleitung durch die Nacht<\/h3>\n<p><b>Zum Inhalt:<\/b><\/p>\n<p>Klara ist auf der Flucht durch die Nacht. Es ist ihr angek\u00fcndigtes Todesdatum, welches der &quot;Kalenderkiller&quot; mit Blut an die Wand schrieb. Wird er sie erwischen oder ihr gewaltt\u00e4tiger Ehemann, oder hat sie einfach nur Wahnvorstellungen? Wie durch einen Zufall kommt sie in telefonischen Kontakt mit Jules Tannberg, der am Telefon ehrenamtlich hilflose Frauen auf ihrem Heimweg begleitet. Eine nervenaufreibende Nacht liegt vor beiden und das Ende ist ungewiss.<\/p>\n<p><b>Meine Meinung:<\/b><\/p>\n<p>Als die Ank\u00fcndigung f\u00fcr die Verfilmung dieses Fitzek-Buches stand, war es h\u00f6chste Zeit, es endlich mal in die Hand zu nehmen, was mir bisher aus Zeitgr\u00fcnden nicht gelungen war.<\/p>\n<p>Ein weiteres Mal konnte mich mein Lieblings-Thrillerautor restlos \u00fcberzeugen. W\u00e4hrend der Gespr\u00e4che von Klara und Jules wird deren Vergangenheit aufgedeckt und die hier offenbarte Gewalt gegen Frauen ist wahrlich nichts f\u00fcr schwache Nerven. Wen das Thema triggern k\u00f6nnte, sollte das Buch lieber nicht lesen, denn es spart nicht gerade mit Details.<\/p>\n<p>Ansonsten bot der Roman mir wieder alles, was ich an Fitzek liebe. Kurze Kapitel mit gemeinen Cliffhangern, die das Weiterlesen quasi erzwingen. Durchg\u00e4ngig extreme Spannung, \u00fcberraschende Wendungen und schlussendlich wird einmal mehr alles auf den Kopf gestellt. Der Autor schafft es doch immer wieder, mich aufs Glatteis zu f\u00fchren. Am Ende ist man erst verwirrt, dann erstaunt und schlie\u00dflich absolut zufrieden. Erst recht, wenn man die wie immer supersch\u00f6ne Danksagung gelesen hat, auf die ich mich mittlerweile genauso sehr freue wie auf das Buch selbst.<\/p>\n<p>Fitzek-Fans werden das Buch ohnehin bereits verschlungen haben, aber wer psychologische Spannung mag und ein Ansteigen des Pulses vor Aufregung, der sollte auch gern mal zu einem Buch von ihm greifen, wenn er es noch nicht probiert hat.<\/p>\n<p>&#160;<\/p>\n<p>Link zum Buch: <a title=\"https:\/\/amzn.to\/4byiu4e\" href=\"https:\/\/amzn.to\/4byiu4e\">https:\/\/amzn.to\/4byiu4e<\/a>    <br \/>[Werbung unbezahlt \u2013 Affiliate-Link]<\/p>\n","protected":false},"excerpt":{"rendered":"<p>&#160; Autor: Sebastian Fitzek Verlag: Droemer ISBN-13: 978-3426281550 Gebundene Ausgabe 492 Seiten Pers\u00f6nliche Wertung: &#160; Begleitung durch die Nacht Zum Inhalt: Klara ist auf der Flucht durch die Nacht. Es ist ihr angek\u00fcndigtes Todesdatum, welches der &quot;Kalenderkiller&quot; mit Blut an die Wand schrieb. Wird er sie erwischen oder ihr gewaltt\u00e4tiger Ehemann, oder hat sie einfach [&hellip;]<\/p>\n","protected":false},"author":1,"featured_media":0,"comment_status":"closed","ping_status":"closed","sticky":false,"template":"","format":"standard","meta":{"footnotes":""},"categories":[78,6],"tags":[],"class_list":["post-3272","post","type-post","status-publish","format-standard","hentry","category-fitzek-sebastian","category-thriller"],"_links":{"self":[{"href":"https:\/\/kerstins-reich.de\/buecherreich\/index.php?rest_route=\/wp\/v2\/posts\/3272","targetHints":{"allow":["GET"]}}],"collection":[{"href":"https:\/\/kerstins-reich.de\/buecherreich\/index.php?rest_route=\/wp\/v2\/posts"}],"about":[{"href":"https:\/\/kerstins-reich.de\/buecherreich\/index.php?rest_route=\/wp\/v2\/types\/post"}],"author":[{"embeddable":true,"href":"https:\/\/kerstins-reich.de\/buecherreich\/index.php?rest_route=\/wp\/v2\/users\/1"}],"replies":[{"embeddable":true,"href":"https:\/\/kerstins-reich.de\/buecherreich\/index.php?rest_route=%2Fwp%2Fv2%2Fcomments&post=3272"}],"version-history":[{"count":1,"href":"https:\/\/kerstins-reich.de\/buecherreich\/index.php?rest_route=\/wp\/v2\/posts\/3272\/revisions"}],"predecessor-version":[{"id":3273,"href":"https:\/\/kerstins-reich.de\/buecherreich\/index.php?rest_route=\/wp\/v2\/posts\/3272\/revisions\/3273"}],"wp:attachment":[{"href":"https:\/\/kerstins-reich.de\/buecherreich\/index.php?rest_route=%2Fwp%2Fv2%2Fmedia&parent=3272"}],"wp:term":[{"taxonomy":"category","embeddable":true,"href":"https:\/\/kerstins-reich.de\/buecherreich\/index.php?rest_route=%2Fwp%2Fv2%2Fcategories&post=3272"},{"taxonomy":"post_tag","embeddable":true,"href":"https:\/\/kerstins-reich.de\/buecherreich\/index.php?rest_route=%2Fwp%2Fv2%2Ftags&post=3272"}],"curies":[{"name":"wp","href":"https:\/\/api.w.org\/{rel}","templated":true}]}}