{"id":2780,"date":"2022-04-03T10:14:00","date_gmt":"2022-04-03T09:14:00","guid":{"rendered":"https:\/\/www.kerstins-reich.de\/buecherreich\/?p=2780"},"modified":"2022-04-03T10:15:55","modified_gmt":"2022-04-03T09:15:55","slug":"rezension-amissa-die-vermissten","status":"publish","type":"post","link":"https:\/\/kerstins-reich.de\/buecherreich\/?p=2780","title":{"rendered":"Rezension: &ldquo;Amissa. Die Vermissten&rdquo;"},"content":{"rendered":"<p><img loading=\"lazy\" decoding=\"async\" style=\"border-top: medium none; border-right: medium none; border-bottom: medium none; border-left: medium none; margin: 0px\" border=\"0\" alt=\"\" src=\"http:\/\/www.assoc-amazon.de\/e\/ir?t=httpwwwkers0d-21&amp;l=as2&amp;o=3&amp;a=3839001056\" width=\"1\" height=\"1\" \/>&#160;<a href=\"https:\/\/www.amazon.de\/Amissa-Die-Vermissten-Thriller-Kantzius\/dp\/3426307642?__mk_de_DE=%C3%85M%C3%85%C5%BD%C3%95%C3%91&amp;crid=2DGFDZP2K79Q7&amp;keywords=amissa+3&amp;qid=1648975776&amp;s=books&amp;sprefix=amissa+3%2Cstripbooks%2C212&amp;sr=1-1&amp;linkCode=li2&amp;tag=httpwwwkers0d-21&amp;linkId=bb69b5208a72110bea5f44c11244f50f&amp;language=de_DE&amp;ref_=as_li_ss_il\" target=\"_blank\" rel=\"noopener noreferrer\"><img decoding=\"async\" style=\"float: left; margin: 25px 0px 0px 20px; display: inline\" border=\"0\" src=\"http:\/\/ws-eu.amazon-adsystem.com\/widgets\/q?_encoding=UTF8&amp;ASIN=3426307642&amp;Format=_SL160_&amp;ID=AsinImage&amp;MarketPlace=DE&amp;ServiceVersion=20070822&amp;WS=1&amp;tag=httpwwwkers0d-21&amp;language=de_DE\" align=\"left\" \/><\/a><img loading=\"lazy\" decoding=\"async\" style=\"border-top: medium none; border-right: medium none; border-bottom: medium none; border-left: medium none; margin: 0px\" border=\"0\" alt=\"\" src=\"https:\/\/ir-de.amazon-adsystem.com\/e\/ir?t=httpwwwkers0d-21&amp;language=de_DE&amp;l=li2&amp;o=3&amp;a=3426307642\" width=\"1\" height=\"1\" \/><img loading=\"lazy\" decoding=\"async\" style=\"border-top: medium none; border-right: medium none; border-bottom: medium none; border-left: medium none; margin: 0px\" border=\"0\" alt=\"\" src=\"http:\/\/www.assoc-amazon.de\/e\/ir?t=httpwwwkers0d-21&amp;l=as2&amp;o=3&amp;a=3839001056\" width=\"1\" height=\"1\" \/> <img loading=\"lazy\" decoding=\"async\" style=\"border-top: medium none; border-right: medium none; border-bottom: medium none; border-left: medium none; margin: 0px\" border=\"0\" alt=\"\" src=\"http:\/\/www.assoc-amazon.de\/e\/ir?t=httpwwwkers0d-21&amp;l=as2&amp;o=3&amp;a=3453354583\" width=\"1\" height=\"1\" \/>     <\/p>\n<table cellspacing=\"0\" cellpadding=\"2\" width=\"400\" border=\"0\">\n<tbody>\n<tr>\n<td width=\"102\">\n<p align=\"left\">Autor:<\/p>\n<\/td>\n<td width=\"298\">Frank Kodiak<\/td>\n<\/tr>\n<tr>\n<td valign=\"top\" width=\"102\">Verlag:<\/td>\n<td valign=\"top\" width=\"298\">Droemer<\/td>\n<\/tr>\n<tr>\n<td valign=\"top\" width=\"102\">ISBN-13:<\/td>\n<td valign=\"top\" width=\"298\">978-3-426-30764-9<\/td>\n<\/tr>\n<tr>\n<td valign=\"top\" width=\"102\">Taschen-           <br \/>buch:<\/td>\n<td valign=\"top\" width=\"298\">425 Seiten<\/td>\n<\/tr>\n<tr>\n<td valign=\"top\" width=\"102\">Pers\u00f6nliche            <br \/>Wertung:<\/td>\n<td valign=\"top\" width=\"298\"><img decoding=\"async\" src=\"http:\/\/www.kerstins-reich.de\/pics\/5.jpg\" \/><\/td>\n<\/tr>\n<\/tbody>\n<\/table>\n<p>&#160;<\/p>\n<h3>Bestell dir, wen du willst<\/h3>\n<p><b><\/b><\/p>\n<p><b>Zum Inhalt:<\/b><\/p>\n<p>Den Verdacht, dass bei der Hilfsorganisation \u201eAmissa\u201c etwas im Argen liegt, k\u00f6nnen die Privatdetektive Rica und Jan Kantzius bisher nicht beweisen. Eine neue Spur lockt Jan nach Gr\u00f6mitz, wo er geheime Informationen bekommen soll. Doch alles geht schief, die Zeugin wird ermordet, Jan entkommt nur knapp und bei seiner R\u00fcckkehr ist seine Frau entf\u00fchrt worden. Er kann sie zum Gl\u00fcck finden und sie sto\u00dfen bei ihren Ermittlungen auf \u201eMissing Order\u201c, wo man sich offenbar f\u00fcr genug Geld alles bestellen kann. Auch einen Menschen, um seine wildesten Fantasien auszuleben &#8230;<\/p>\n<p><b>Meine Meinung:<\/b><\/p>\n<p>Dieser zweite Band der Amissa-Trilogie hat mich restlos \u00fcberzeugt. Was f\u00fcr ein Pageturner. Selten habe ich Seite f\u00fcr Seite solche Spannung erlebt. Hier geht es wirklich Schlag auf Schlag und es kommt keine Minute Langeweile auf. Durch zeitlichen Versatz gibt es sogar immer wieder \u00fcberraschende Plot-Twists.<\/p>\n<p>Es ist nicht unbedingt n\u00f6tig, Band 1 gelesen zu haben, da einiges davon erkl\u00e4rt wird, aber ich war froh, Jan und Rica bereits zu kennen und konnte mich so leichter in ihre Denkweise hineinversetzen. Bei dem, was sie durchmachen m\u00fcssen, kann ich auch ihre Handlungen gut nachvollziehen.<\/p>\n<p>Das Buch schont den Leser nicht mit erschreckenden Szenarien, schw\u00e4chere Gem\u00fcter sind hier wohl fehl am Platz. Die Brutalit\u00e4t und Perfidit\u00e4t der menschlichen Gier scheint keine Grenzen zu kennen. Man hat kein Herz, wenn man hier nicht extrem mit den Opfern mitleidet.<\/p>\n<p>Der Roman endet mit einem enormen Cliffhanger, der das Warten auf Band 3 schwer ertr\u00e4glich macht. Ich hoffe, es wird wieder im November so weit sein. Auf jeden Fall kann ich das Buch jedem empfehlen, der atemlose Spannung bei einem Thriller sucht.<\/p>\n","protected":false},"excerpt":{"rendered":"<p>&#160; Autor: Frank Kodiak Verlag: Droemer ISBN-13: 978-3-426-30764-9 Taschen- buch: 425 Seiten Pers\u00f6nliche Wertung: &#160; Bestell dir, wen du willst Zum Inhalt: Den Verdacht, dass bei der Hilfsorganisation \u201eAmissa\u201c etwas im Argen liegt, k\u00f6nnen die Privatdetektive Rica und Jan Kantzius bisher nicht beweisen. Eine neue Spur lockt Jan nach Gr\u00f6mitz, wo er geheime Informationen bekommen [&hellip;]<\/p>\n","protected":false},"author":1,"featured_media":0,"comment_status":"closed","ping_status":"closed","sticky":false,"template":"","format":"standard","meta":{"footnotes":""},"categories":[357,6,347],"tags":[],"class_list":["post-2780","post","type-post","status-publish","format-standard","hentry","category-kodiak-frank","category-thriller","category-winkelmann-andreas"],"_links":{"self":[{"href":"https:\/\/kerstins-reich.de\/buecherreich\/index.php?rest_route=\/wp\/v2\/posts\/2780","targetHints":{"allow":["GET"]}}],"collection":[{"href":"https:\/\/kerstins-reich.de\/buecherreich\/index.php?rest_route=\/wp\/v2\/posts"}],"about":[{"href":"https:\/\/kerstins-reich.de\/buecherreich\/index.php?rest_route=\/wp\/v2\/types\/post"}],"author":[{"embeddable":true,"href":"https:\/\/kerstins-reich.de\/buecherreich\/index.php?rest_route=\/wp\/v2\/users\/1"}],"replies":[{"embeddable":true,"href":"https:\/\/kerstins-reich.de\/buecherreich\/index.php?rest_route=%2Fwp%2Fv2%2Fcomments&post=2780"}],"version-history":[{"count":2,"href":"https:\/\/kerstins-reich.de\/buecherreich\/index.php?rest_route=\/wp\/v2\/posts\/2780\/revisions"}],"predecessor-version":[{"id":2782,"href":"https:\/\/kerstins-reich.de\/buecherreich\/index.php?rest_route=\/wp\/v2\/posts\/2780\/revisions\/2782"}],"wp:attachment":[{"href":"https:\/\/kerstins-reich.de\/buecherreich\/index.php?rest_route=%2Fwp%2Fv2%2Fmedia&parent=2780"}],"wp:term":[{"taxonomy":"category","embeddable":true,"href":"https:\/\/kerstins-reich.de\/buecherreich\/index.php?rest_route=%2Fwp%2Fv2%2Fcategories&post=2780"},{"taxonomy":"post_tag","embeddable":true,"href":"https:\/\/kerstins-reich.de\/buecherreich\/index.php?rest_route=%2Fwp%2Fv2%2Ftags&post=2780"}],"curies":[{"name":"wp","href":"https:\/\/api.w.org\/{rel}","templated":true}]}}