{"id":2761,"date":"2022-02-06T19:42:00","date_gmt":"2022-02-06T18:42:00","guid":{"rendered":"https:\/\/www.kerstins-reich.de\/buecherreich\/?p=2761"},"modified":"2022-02-06T19:44:41","modified_gmt":"2022-02-06T18:44:41","slug":"rezension-amissa-die-verlorenen","status":"publish","type":"post","link":"https:\/\/kerstins-reich.de\/buecherreich\/?p=2761","title":{"rendered":"Rezension: &ldquo;Amissa. Die Verlorenen&rdquo;"},"content":{"rendered":"<p><img loading=\"lazy\" decoding=\"async\" style=\"border-top: medium none; border-right: medium none; border-bottom: medium none; border-left: medium none; margin: 0px\" border=\"0\" alt=\"\" src=\"http:\/\/www.assoc-amazon.de\/e\/ir?t=httpwwwkers0d-21&amp;l=as2&amp;o=3&amp;a=3839001056\" width=\"1\" height=\"1\" \/>&#160;<a href=\"https:\/\/www.amazon.de\/Amissa-Die-Verlorenen-Thriller-Kantzius-ebook\/dp\/B086SL7M5K?ie=UTF8&amp;linkCode=li2&amp;tag=httpwwwkers0d-21&amp;linkId=3fdb49d028591b9978cc4b555cff106d&amp;language=de_DE&amp;ref_=as_li_ss_il\" target=\"_blank\" rel=\"noopener noreferrer\"><img decoding=\"async\" style=\"float: left; margin: 25px 0px 0px 20px; display: inline\" border=\"0\" src=\"http:\/\/ws-eu.amazon-adsystem.com\/widgets\/q?_encoding=UTF8&amp;ASIN=B086SL7M5K&amp;Format=_SL160_&amp;ID=AsinImage&amp;MarketPlace=DE&amp;ServiceVersion=20070822&amp;WS=1&amp;tag=httpwwwkers0d-21&amp;language=de_DE\" align=\"left\" \/><\/a><img loading=\"lazy\" decoding=\"async\" style=\"border-top: medium none; border-right: medium none; border-bottom: medium none; border-left: medium none; margin: 0px\" border=\"0\" alt=\"\" src=\"https:\/\/ir-de.amazon-adsystem.com\/e\/ir?t=httpwwwkers0d-21&amp;language=de_DE&amp;l=li2&amp;o=3&amp;a=B086SL7M5K\" width=\"1\" height=\"1\" \/><img loading=\"lazy\" decoding=\"async\" style=\"border-top: medium none; border-right: medium none; border-bottom: medium none; border-left: medium none; margin: 0px\" border=\"0\" alt=\"\" src=\"http:\/\/www.assoc-amazon.de\/e\/ir?t=httpwwwkers0d-21&amp;l=as2&amp;o=3&amp;a=3839001056\" width=\"1\" height=\"1\" \/> <img loading=\"lazy\" decoding=\"async\" style=\"border-top: medium none; border-right: medium none; border-bottom: medium none; border-left: medium none; margin: 0px\" border=\"0\" alt=\"\" src=\"http:\/\/www.assoc-amazon.de\/e\/ir?t=httpwwwkers0d-21&amp;l=as2&amp;o=3&amp;a=3453354583\" width=\"1\" height=\"1\" \/>     <\/p>\n<table cellspacing=\"0\" cellpadding=\"2\" width=\"400\" border=\"0\">\n<tbody>\n<tr>\n<td width=\"102\">\n<p align=\"left\">Autor:<\/p>\n<\/td>\n<td width=\"298\">Frank Kodiak<\/td>\n<\/tr>\n<tr>\n<td valign=\"top\" width=\"102\">Verlag:<\/td>\n<td valign=\"top\" width=\"298\">Droemer<\/td>\n<\/tr>\n<tr>\n<td valign=\"top\" width=\"102\">ASIN:<\/td>\n<td valign=\"top\" width=\"298\">B086SL7M5K<\/td>\n<\/tr>\n<tr>\n<td valign=\"top\" width=\"102\">E-Book:<\/td>\n<td valign=\"top\" width=\"298\">400 Seiten<\/td>\n<\/tr>\n<tr>\n<td valign=\"top\" width=\"102\">Pers\u00f6nliche            <br \/>Wertung:<\/td>\n<td valign=\"top\" width=\"298\"><img decoding=\"async\" src=\"http:\/\/www.kerstins-reich.de\/pics\/4.jpg\" \/><\/td>\n<\/tr>\n<\/tbody>\n<\/table>\n<p>&#160;<\/p>\n<p>&#160;<\/p>\n<h3>Vermisste Teenager in Gefahr<\/h3>\n<p><b><\/b><\/p>\n<p><b>Zum Inhalt:<\/b><\/p>\n<p>Die Privatdetektive Rica und Jan Kantzius arbeiten unter anderem f\u00fcr die Hilfsorganisation \u201eAmissa\u201c, die es sich zum Ziel gemacht hat, weltweit nach vermissten Personen zu suchen. Durch Zufall werden sie Zeugen, wie ein junges M\u00e4dchen auf die Autobahn l\u00e4uft und t\u00f6dlich verletzt wird. Ein Zettel und ein letztes gefl\u00fcstertes Wort an Jan geben R\u00e4tsel auf. Sie beginnen zu ermitteln und sto\u00dfen auf die Spur mehrerer vermisster Teenager, die kurz nach einem Umzug spurlos verschwanden. Abgr\u00fcndige Machenschaften tun sich auf und bei Amissa scheint mehr im Argen zu liegen als gedacht.<\/p>\n<p><b>Meine Meinung:<\/b><\/p>\n<p>Dieser Roman von Andreas Winkelmann ist mein erster unter seinem Pseudonym Frank Kodiak. Ich fand es eine nette Abwechslung, dass hier mehr oder weniger eigenst\u00e4ndig agierende Ermittler die Hauptfiguren darstellen und nicht irgendwelche Polizisten mit einem seelischen Knacks. Was nicht hei\u00dft, dass nicht auch Jan und Rica ihr P\u00e4ckchen zu tragen haben. <\/p>\n<p>Jan war fr\u00fcher selbst Polizist, nimmt aber zwischenzeitlich das Gesetz lieber in die eigenen H\u00e4nde und geht dabei nicht eben zimperlich vor. Sein Ruhepol ist die Frau an seiner Seite, die so gar nicht zu ihm zu passen scheint, aber einen beruhigenden Einfluss auf ihn hat. Sie arbeitet f\u00fcr Amissa, ist geniale Hackerin und hat die Erfahrung der Zwangsprostitution am eigenen Leib erfahren m\u00fcssen.<\/p>\n<p>Das Schicksal der M\u00e4dchen ist nicht eben neu, die Drahtzieher sind es ebenso wenig. Dass es verschiedene Opfer und T\u00e4ter sind und die Geschehnisse zeitversetzt erz\u00e4hlt werden, erfordert erh\u00f6hte Aufmerksamkeit vom Leser. Die Schilderungen sind teilweise recht brutal, was auch nicht jedermanns Sache sein d\u00fcrfte. Der Schreibstil ist angenehm fl\u00fcssig zu lesen und die Spannung wird quasi ununterbrochen aufrechterhalten.<\/p>\n<p>Der Roman hat mich definitiv gut unterhalten und neugierig, nicht zuletzt aufgrund des Cliffhangers, auf die Fortsetzung gemacht, die ich bald anschlie\u00dfen werde.<\/p>\n","protected":false},"excerpt":{"rendered":"<p>&#160; Autor: Frank Kodiak Verlag: Droemer ASIN: B086SL7M5K E-Book: 400 Seiten Pers\u00f6nliche Wertung: &#160; &#160; Vermisste Teenager in Gefahr Zum Inhalt: Die Privatdetektive Rica und Jan Kantzius arbeiten unter anderem f\u00fcr die Hilfsorganisation \u201eAmissa\u201c, die es sich zum Ziel gemacht hat, weltweit nach vermissten Personen zu suchen. Durch Zufall werden sie Zeugen, wie ein junges [&hellip;]<\/p>\n","protected":false},"author":1,"featured_media":0,"comment_status":"closed","ping_status":"closed","sticky":false,"template":"","format":"standard","meta":{"footnotes":""},"categories":[357,6,347],"tags":[],"class_list":["post-2761","post","type-post","status-publish","format-standard","hentry","category-kodiak-frank","category-thriller","category-winkelmann-andreas"],"_links":{"self":[{"href":"https:\/\/kerstins-reich.de\/buecherreich\/index.php?rest_route=\/wp\/v2\/posts\/2761","targetHints":{"allow":["GET"]}}],"collection":[{"href":"https:\/\/kerstins-reich.de\/buecherreich\/index.php?rest_route=\/wp\/v2\/posts"}],"about":[{"href":"https:\/\/kerstins-reich.de\/buecherreich\/index.php?rest_route=\/wp\/v2\/types\/post"}],"author":[{"embeddable":true,"href":"https:\/\/kerstins-reich.de\/buecherreich\/index.php?rest_route=\/wp\/v2\/users\/1"}],"replies":[{"embeddable":true,"href":"https:\/\/kerstins-reich.de\/buecherreich\/index.php?rest_route=%2Fwp%2Fv2%2Fcomments&post=2761"}],"version-history":[{"count":1,"href":"https:\/\/kerstins-reich.de\/buecherreich\/index.php?rest_route=\/wp\/v2\/posts\/2761\/revisions"}],"predecessor-version":[{"id":2762,"href":"https:\/\/kerstins-reich.de\/buecherreich\/index.php?rest_route=\/wp\/v2\/posts\/2761\/revisions\/2762"}],"wp:attachment":[{"href":"https:\/\/kerstins-reich.de\/buecherreich\/index.php?rest_route=%2Fwp%2Fv2%2Fmedia&parent=2761"}],"wp:term":[{"taxonomy":"category","embeddable":true,"href":"https:\/\/kerstins-reich.de\/buecherreich\/index.php?rest_route=%2Fwp%2Fv2%2Fcategories&post=2761"},{"taxonomy":"post_tag","embeddable":true,"href":"https:\/\/kerstins-reich.de\/buecherreich\/index.php?rest_route=%2Fwp%2Fv2%2Ftags&post=2761"}],"curies":[{"name":"wp","href":"https:\/\/api.w.org\/{rel}","templated":true}]}}