{"id":1547,"date":"2014-03-23T17:25:00","date_gmt":"2014-03-23T16:25:00","guid":{"rendered":"http:\/\/www.kerstins-reich.de\/buecherreich\/?p=1547"},"modified":"2014-03-23T18:43:38","modified_gmt":"2014-03-23T17:43:38","slug":"buchmesse-leipzig-2014","status":"publish","type":"post","link":"https:\/\/kerstins-reich.de\/buecherreich\/?p=1547","title":{"rendered":"Buchmesse Leipzig 2014"},"content":{"rendered":"<p>Inzwischen ist schon wieder reichlich eine Woche vergangen und obwohl ich in diesem Jahr nicht wirklich viel von der Messe mitbekommen habe, <a href=\"http:\/\/www.amazon.de\/gp\/product\/3785578644\/ref=as_li_tf_il?ie=UTF8&amp;camp=1638&amp;creative=6742&amp;creativeASIN=3785578644&amp;linkCode=as2&amp;tag=httpwwwkers0d-21\" target=\"_blank\"><img decoding=\"async\" style=\"float: left; margin: 20px 20px 20px 10px; display: inline\" border=\"0\" align=\"left\" src=\"http:\/\/ws-eu.amazon-adsystem.com\/widgets\/q?_encoding=UTF8&amp;ASIN=3785578644&amp;Format=_SL160_&amp;ID=AsinImage&amp;MarketPlace=DE&amp;ServiceVersion=20070822&amp;WS=1&amp;tag=httpwwwkers0d-21\" \/><\/a>m\u00f6chte ich dennoch einen winzig kleinen Bericht schreiben. <\/p>\n<p>Um zwei fest eingeplante Signierstunden um 12 Uhr nicht zu verpassen, mussten wir (meine liebe Mama hat mich wieder einmal begleitet) in Zittau bereits kurz nach 7 Uhr starten. Es klappte auch alles so weit <a href=\"http:\/\/www.kerstins-reich.de\/buecherreich\/wp-content\/uploads\/2014\/03\/autogramm_arno.jpg\"><img loading=\"lazy\" decoding=\"async\" title=\"autogramm_arno\" style=\"border-left-width: 0px; border-right-width: 0px; background-image: none; border-bottom-width: 0px; float: right; padding-top: 0px; padding-left: 0px; margin: 20px; display: inline; padding-right: 0px; border-top-width: 0px\" border=\"0\" alt=\"autogramm_arno\" align=\"right\" src=\"http:\/\/www.kerstins-reich.de\/buecherreich\/wp-content\/uploads\/2014\/03\/autogramm_arno_thumb.jpg\" width=\"130\" height=\"182\" \/><\/a>ganz prima und wir schafften es nach Ankunft in Leipzig mit Ticketkauf, Garderobe und einem Sprung zur Toilette rechtzeitig in Halle 5 zur Signierstunde von <a href=\"http:\/\/www.michelleraven.de\/\" target=\"_blank\">Michelle Raven<\/a> und <a href=\"http:\/\/www.arno-strobel.de\/\" target=\"_blank\">Arno Strobel<\/a>, die gleichzeitig stattfand. <\/p>\n<p>Das war auch mein Dilemma, denn ich wollte zu beiden, konnte mich aber schlecht zerteilen. Michelle schrieb sehr langsam bzw. viel und war auch extrem begehrt, sodass ich in meiner Schlange den Eindruck hatte, es w\u00fcrde \u00fcberhaupt nicht vorangehen. Inzwischen kehrte meine Mama schon mit dem neuen Strobel-Buch \u2013 <strong>Abgr\u00fcndig<\/strong> \u2013, das ich unbedingt in meinen Besitz bringen musste und einem Autogramm von ihm zur\u00fcck. Zudem hatte ich mir noch <strong>\u201cDas Rachespiel\u201d<\/strong> signieren lassen. Ich \u00e4rgere mich inzwischen, dass ich nicht wenigstens kurz mal meine Mutter in der Reihe geparkt habe, um Arno wenigstens die Hand zu sch\u00fctteln, ist doch Leipzig so gut wie<a href=\"http:\/\/www.amazon.de\/gp\/product\/380259231X\/ref=as_li_tf_il?ie=UTF8&amp;camp=1638&amp;creative=6742&amp;creativeASIN=380259231X&amp;linkCode=as2&amp;tag=httpwwwkers0d-21\" target=\"_blank\"><img decoding=\"async\" style=\"float: right; margin: 20px; display: inline\" border=\"0\" align=\"right\" src=\"http:\/\/ws-eu.amazon-adsystem.com\/widgets\/q?_encoding=UTF8&amp;ASIN=380259231X&amp;Format=_SL160_&amp;ID=AsinImage&amp;MarketPlace=DE&amp;ServiceVersion=20070822&amp;WS=1&amp;tag=httpwwwkers0d-21\" \/><\/a><img loading=\"lazy\" decoding=\"async\" style=\"border-top: medium none; border-right: medium none; border-bottom: medium none; margin: 0px; border-left: medium none\" border=\"0\" alt=\"\" src=\"http:\/\/ir-de.amazon-adsystem.com\/e\/ir?t=httpwwwkers0d-21&amp;l=as2&amp;o=3&amp;a=380259231X\" width=\"1\" height=\"1\" \/> die einzige M\u00f6glichkeit im Jahr, uns mal pers\u00f6nlich zu treffen. Als die Signier-Halbestunde aufs Ende zuging und Arno im Aufbruch begriffen war, stand ich unmittelbar vor Michelle und konnte nicht mehr weg. <em>Dumm gelaufen! <\/em><\/p>\n<p>Trotzdem habe ich mich sehr gefreut, sie noch vor Berlin (wo sie <a href=\"http:\/\/www.kerstins-reich.de\/buecherreich\/wp-content\/uploads\/2014\/03\/autogramm_raven.jpg\"><img loading=\"lazy\" decoding=\"async\" title=\"autogramm_raven\" style=\"border-left-width: 0px; border-right-width: 0px; background-image: none; border-bottom-width: 0px; float: left; padding-top: 0px; padding-left: 0px; margin: 20px 20px 20px 10px; display: inline; padding-right: 0px; border-top-width: 0px\" border=\"0\" alt=\"autogramm_raven\" align=\"left\" src=\"http:\/\/www.kerstins-reich.de\/buecherreich\/wp-content\/uploads\/2014\/03\/autogramm_raven_thumb.jpg\" width=\"142\" height=\"198\" \/><\/a>auch auf der LoveLetter Convention sein wird) mal zu sehen und habe gern ein Autogramm von ihr entgegengenommen und mir nat\u00fcrlich auch ihren neuen Roman, den ich unmittelbar vor Ort erworben habe, signieren lassen. Ein weiteres Turtle-Buch hatte ich ebenfalls zur Unterschrift dabei. W\u00e4hrend des Anstehens gab es noch zwei nette Gespr\u00e4che, einmal mit einer unserer Korrekturleserinnen bei bookshouse, die noch in diesem Jahr ihren ersten Roman beim Sieben Verlag ver\u00f6ffentlicht, und dann mit Tina Dick aus der Redaktion des LoveLetter. Einen kurzen Blick auf Sven Hannawald, der nach Arno seine Signier-Halbestunde hatte, konnte ich auch noch werfen. Aber von ihm hatte ich mir ja bereits alles auf seiner Lesung hier in der Region (<a href=\"http:\/\/www.kerstins-reich.de\/buecherreich\/?p=1536\" target=\"_blank\">siehe Bericht<\/a>) signieren lassen.<\/p>\n<p>Nach diesen \u201cPflichtterminen\u201d stand f\u00fcr uns ein Treffen mit <a href=\"http:\/\/meyerlanders.twoday.net\/\" target=\"_blank\">Kim Landers<\/a> an, auf das wir uns schon lange gefreut hatten. Ich hatte einige ihrer B\u00fccher f\u00fcr den LoveLetter rezensiert und daraus entstand ein nahezu freundschaftlicher Kontakt. Nach l\u00e4ngerer Zeit war endlich mal wieder ein pers\u00f6nliches Treffen f\u00e4llig. Ihr neuester Roman \u201cJadefeuer\u201d, der schon mehrmals verschoben wurde, erscheint nun voraussichtlich endlich im April, worauf ich mich schon sehr freue. <a href=\"http:\/\/www.amazon.de\/gp\/product\/3939239119\/ref=as_li_tf_il?ie=UTF8&amp;camp=1638&amp;creative=6742&amp;creativeASIN=3939239119&amp;linkCode=as2&amp;tag=httpwwwkers0d-21\"><img decoding=\"async\" style=\"float: right; margin: 10px 20px; display: inline\" border=\"0\" align=\"right\" src=\"http:\/\/ws-eu.amazon-adsystem.com\/widgets\/q?_encoding=UTF8&amp;ASIN=3939239119&amp;Format=_SL160_&amp;ID=AsinImage&amp;MarketPlace=DE&amp;ServiceVersion=20070822&amp;WS=1&amp;tag=httpwwwkers0d-21\" \/><\/a><img loading=\"lazy\" decoding=\"async\" style=\"border-top: medium none; border-right: medium none; border-bottom: medium none; margin: 0px; border-left: medium none\" border=\"0\" alt=\"\" src=\"http:\/\/ir-de.amazon-adsystem.com\/e\/ir?t=httpwwwkers0d-21&amp;l=as2&amp;o=3&amp;a=3939239119\" width=\"1\" height=\"1\" \/>Au\u00dferdem ist ein neues Projekt bei einem gr\u00f6\u00dferen Verlag in Vorbereitung, aber das unterliegt nat\u00fcrlich noch der Geheimhaltung. Es wurde dann auch ein ausgiebiges \u2013 ich gebe es zu, wir haben v\u00f6llig die Zeit vergessen \u2013 Plauderst\u00fcndchen. Kim hatte auch noch die Autorin <a href=\"http:\/\/www.world-phantastika.de\/\" target=\"_blank\">Ulrike Stegemann<\/a> im Schlepptau. Diese hatte ich bereits 2006 schon mal auf einer Convention in Wiesbaden kennengelernt und es war eine \u00dcberraschung und Freude, sie mal wiederzusehen.<\/p>\n<p>Irgendwann kam dann doch der Zeitpunkt uns zu trennen, um noch ein wenig \u00fcber die Messe zu schlendern. Ein kurzes <a href=\"http:\/\/www.amazon.de\/gp\/product\/B00GM5F8K4\/ref=as_li_tf_il?ie=UTF8&amp;camp=1638&amp;creative=6742&amp;creativeASIN=B00GM5F8K4&amp;linkCode=as2&amp;tag=httpwwwkers0d-21\"><img decoding=\"async\" style=\"float: left; margin: 20px 20px 20px 10px; display: inline\" border=\"0\" align=\"left\" src=\"http:\/\/ws-eu.amazon-adsystem.com\/widgets\/q?_encoding=UTF8&amp;ASIN=B00GM5F8K4&amp;Format=_SL160_&amp;ID=AsinImage&amp;MarketPlace=DE&amp;ServiceVersion=20070822&amp;WS=1&amp;tag=httpwwwkers0d-21\" \/><\/a>Treffen mit einer Freundin aus Berlin, der schon obligatorische Cr\u00eape mit Eierlik\u00f6r und schon war es an der Zeit, den R\u00fcckweg anzutreten. Dieser gestaltete sich \u00e4hnlich einer Odyssee, weswegen ich mich dar\u00fcber auch lieber in Schweigen h\u00fclle. Am Ende ging alles gut und wir waren noch rechtzeitig in der Bahnhofsbuchhandlung in Leipzig, wo ab 18 Uhr eine Lesung unter Teilnahme von Jeanine Krock stattfinden sollte. Wir konnten leider nicht dabei sein, da bereits 18:03 unser Zug fuhr, aber ich wollte die Gelegenheit nicht vers\u00e4umen, Jeanine wenigstens kurz zu sehen, mir ihr letztes Buch zu <img loading=\"lazy\" decoding=\"async\" style=\"border-top: medium none; border-right: medium none; border-bottom: medium none; margin: 0px; border-left: medium none\" border=\"0\" alt=\"\" src=\"http:\/\/ir-de.amazon-adsystem.com\/e\/ir?t=httpwwwkers0d-21&amp;l=as2&amp;o=3&amp;a=B00GM5F8K4\" width=\"1\" height=\"1\" \/>besorgen, das in meiner Sammlung noch fehlte, und dieses nat\u00fcrlich signieren zu lassen.<\/p>\n<p>Ziemlich fertig, aber doch auch recht gl\u00fccklich, traten wir anschlie\u00dfend unseren Heimweg an. Das n\u00e4chste gro\u00dfe Highlight \u2013 die LoveLetter Convention in Berlin \u2013 wirft bereits seine Schatten voraus und wird nun von uns ungeduldig erwartet.<\/p>\n","protected":false},"excerpt":{"rendered":"<p>Inzwischen ist schon wieder reichlich eine Woche vergangen und obwohl ich in diesem Jahr nicht wirklich viel von der Messe mitbekommen habe, m\u00f6chte ich dennoch einen winzig kleinen Bericht schreiben. Um zwei fest eingeplante Signierstunden um 12 Uhr nicht zu verpassen, mussten wir (meine liebe Mama hat mich wieder einmal begleitet) in Zittau bereits kurz [&hellip;]<\/p>\n","protected":false},"author":1,"featured_media":0,"comment_status":"open","ping_status":"open","sticky":false,"template":"","format":"standard","meta":{"footnotes":""},"categories":[1,150,9],"tags":[],"class_list":["post-1547","post","type-post","status-publish","format-standard","hentry","category-allgemein","category-raven-michelle","category-strobel-arno"],"_links":{"self":[{"href":"https:\/\/kerstins-reich.de\/buecherreich\/index.php?rest_route=\/wp\/v2\/posts\/1547","targetHints":{"allow":["GET"]}}],"collection":[{"href":"https:\/\/kerstins-reich.de\/buecherreich\/index.php?rest_route=\/wp\/v2\/posts"}],"about":[{"href":"https:\/\/kerstins-reich.de\/buecherreich\/index.php?rest_route=\/wp\/v2\/types\/post"}],"author":[{"embeddable":true,"href":"https:\/\/kerstins-reich.de\/buecherreich\/index.php?rest_route=\/wp\/v2\/users\/1"}],"replies":[{"embeddable":true,"href":"https:\/\/kerstins-reich.de\/buecherreich\/index.php?rest_route=%2Fwp%2Fv2%2Fcomments&post=1547"}],"version-history":[{"count":1,"href":"https:\/\/kerstins-reich.de\/buecherreich\/index.php?rest_route=\/wp\/v2\/posts\/1547\/revisions"}],"predecessor-version":[{"id":1548,"href":"https:\/\/kerstins-reich.de\/buecherreich\/index.php?rest_route=\/wp\/v2\/posts\/1547\/revisions\/1548"}],"wp:attachment":[{"href":"https:\/\/kerstins-reich.de\/buecherreich\/index.php?rest_route=%2Fwp%2Fv2%2Fmedia&parent=1547"}],"wp:term":[{"taxonomy":"category","embeddable":true,"href":"https:\/\/kerstins-reich.de\/buecherreich\/index.php?rest_route=%2Fwp%2Fv2%2Fcategories&post=1547"},{"taxonomy":"post_tag","embeddable":true,"href":"https:\/\/kerstins-reich.de\/buecherreich\/index.php?rest_route=%2Fwp%2Fv2%2Ftags&post=1547"}],"curies":[{"name":"wp","href":"https:\/\/api.w.org\/{rel}","templated":true}]}}