{"id":1536,"date":"2014-03-13T20:05:18","date_gmt":"2014-03-13T19:05:18","guid":{"rendered":"http:\/\/www.kerstins-reich.de\/buecherreich\/?p=1536"},"modified":"2014-03-13T20:08:16","modified_gmt":"2014-03-13T19:08:16","slug":"lesung-sven-hannawald-skisprunglegende-live-in-neugersdorf","status":"publish","type":"post","link":"https:\/\/kerstins-reich.de\/buecherreich\/?p=1536","title":{"rendered":"Lesung: Sven Hannawald &ndash; Skisprunglegende live in Neugersdorf"},"content":{"rendered":"<p><a href=\"http:\/\/www.kerstins-reich.de\/buecherreich\/wp-content\/uploads\/2014\/03\/hanni_allein2.jpg\"><img loading=\"lazy\" decoding=\"async\" title=\"hanni_allein2\" style=\"border-left-width: 0px; border-right-width: 0px; background-image: none; border-bottom-width: 0px; float: left; padding-top: 0px; padding-left: 0px; margin: 0px 20px 20px; display: inline; padding-right: 0px; border-top-width: 0px\" border=\"0\" alt=\"hanni_allein2\" align=\"left\" src=\"http:\/\/www.kerstins-reich.de\/buecherreich\/wp-content\/uploads\/2014\/03\/hanni_allein2_thumb.jpg\" width=\"167\" height=\"225\" \/><\/a><a href=\"http:\/\/www.amazon.de\/gp\/product\/3898833879\/ref=as_li_tf_il?ie=UTF8&amp;camp=1638&amp;creative=6742&amp;creativeASIN=3898833879&amp;linkCode=as2&amp;tag=httpwwwkers0d-21\"><img loading=\"lazy\" decoding=\"async\" style=\"float: right; margin: 0px 20px 20px; display: inline\" border=\"0\" align=\"right\" src=\"http:\/\/ws-eu.amazon-adsystem.com\/widgets\/q?_encoding=UTF8&amp;ASIN=3898833879&amp;Format=_SL160_&amp;ID=AsinImage&amp;MarketPlace=DE&amp;ServiceVersion=20070822&amp;WS=1&amp;tag=httpwwwkers0d-21\" width=\"137\" height=\"189\" \/><\/a><img loading=\"lazy\" decoding=\"async\" style=\"border-top: medium none; border-right: medium none; border-bottom: medium none; margin: 0px; border-left: medium none\" border=\"0\" alt=\"\" src=\"http:\/\/ir-de.amazon-adsystem.com\/e\/ir?t=httpwwwkers0d-21&amp;l=as2&amp;o=3&amp;a=3898833879\" width=\"1\" height=\"1\" \/>Bereits im September 2013 berichtete ich \u00fcber Sven Hannawald (<a href=\"http:\/\/www.kerstins-reich.de\/buecherreich\/?p=1363\" target=\"_blank\">Rezension<\/a>) und sein Buch mit dem Titel<\/p>\n<p><strong><font size=\"2\">\u201cMein H\u00f6henflug, mein Absturz, meine Landung im Leben\u201d<\/font><\/strong><\/p>\n<p>Auch hatte ich vor, nach Dresden zur Lesung zu fahren, woraus leider nichts wurde. Um so mehr freute es mich, als ich erfuhr, dass die Buchhandlung Fiedler Sven nach Neugersdorf eingeladen hatte, was f\u00fcr mich nur ein Viertel der Strecke bedeutete. Umgehend wurden Tickets besorgt, zum Gl\u00fcck habe ich nicht lange gez\u00f6gert. Rechneten die Veranstalter anfangs mit 60 \u2013 70 Interessenten, waren es am Ende 250 Besucher, was eine gr\u00f6\u00dfere R\u00e4umlichkeit bedingte. Anfragen gab es f\u00fcr die doppelte Anzahl. <\/p>\n<p>Auf dem Weg zur Buchmesse nach Leipzig, wo Sven am Wochenende einige Termine zu absolvieren hat, findet er am 11.03.2014 die Zeit, in R\u00f6\u00dflers Ballsaal, in dem noch in der Woche zuvor die Karnevalssaison ihren Abschluss fand, seine Biografie vorzustellen. Dabei handelt es sich weniger um eine Lesung (der Autor ist der Meinung, dabei w\u00fcrden die Zuh\u00f6rer einschlafen), als viel mehr um ein Frage-Antwort-Special zu den wichtigsten Themen des Buches. Auf witzige und \u00e4u\u00dferst charmante Art wird Sven Hannawald dabei von Sportreporter Reiner Seifert begleitet. Der wei\u00df ganz nebenher immer die gro\u00dfe Bedeutung des Wintersports in der Oberlausitz hervorzuheben.<a href=\"http:\/\/www.kerstins-reich.de\/buecherreich\/wp-content\/uploads\/2014\/03\/hanni_buehne.jpg\"><img loading=\"lazy\" decoding=\"async\" title=\"hanni_buehne\" style=\"border-left-width: 0px; border-right-width: 0px; background-image: none; border-bottom-width: 0px; float: none; padding-top: 0px; padding-left: 0px; margin: 20px auto; display: block; padding-right: 0px; border-top-width: 0px\" border=\"0\" alt=\"hanni_buehne\" src=\"http:\/\/www.kerstins-reich.de\/buecherreich\/wp-content\/uploads\/2014\/03\/hanni_buehne_thumb.jpg\" width=\"377\" height=\"217\" \/><\/a><\/p>\n<p>Nach der Begr\u00fc\u00dfung und einem vorgetragenen Brief der B\u00fcrgermeisterin von Neugersdorf an Sven Hannawald kommt es zum einzigen kurzen Lesungsteil des Abends. Reiner Seifert liest \u00fcber den Moment, als die Welt f\u00fcr Millionen still stand, n\u00e4mlich als der Athlet am 6. Januar 2002 seinen zweiten Sprung in Bischofshofen absolvierte und damit Sportgeschichte schrieb. Er gewann als Einziger alle Springen der Vierschanzentournee, was weder vor ihm noch nach ihm, bisher zumindest, jemandem gelingen sollte. Und \u201cHanni\u201d f\u00fchlte dabei \u2026 gar nichts.<a href=\"http:\/\/www.kerstins-reich.de\/buecherreich\/wp-content\/uploads\/2014\/03\/hanni_ich.jpg\"><img loading=\"lazy\" decoding=\"async\" title=\"hanni_ich\" style=\"border-left-width: 0px; border-right-width: 0px; background-image: none; border-bottom-width: 0px; float: left; padding-top: 0px; padding-left: 0px; margin: 20px; display: inline; padding-right: 0px; border-top-width: 0px\" border=\"0\" alt=\"hanni_ich\" align=\"left\" src=\"http:\/\/www.kerstins-reich.de\/buecherreich\/wp-content\/uploads\/2014\/03\/hanni_ich_thumb.jpg\" width=\"194\" height=\"244\" \/><\/a><\/p>\n<p>Souver\u00e4n geht der Reporter anschlie\u00dfend auf Schwerpunkte des Buches ein, wie die F\u00f6rderung der Sportler in der DDR in Kinder- und Jugendsportschulen (KJS), der Wechsel nach der Wende in den Westen, der gro\u00dfe Hype nach den Erfolgen und der dadurch entstehende Druck, vor allem aber auf die letztendlich daraus resultierende Burn-Out-Erkrankung des Sportlers. Und Sven Hannawald antwortet routiniert, sprachgewandt und scheinbar ohne Aufregung. Nat\u00fcrlich hat er die meisten Fragen sicher schon unz\u00e4hlige Male gestellt bekommen, dennoch entsteht der Eindruck, dass er offen und ehrlich ist, nichts zur\u00fcckh\u00e4lt. Sympathisch kommt er r\u00fcber, der inzwischen fast 40-J\u00e4hrige, auch wenn er sein Privatleben, wie auch schon im Buch, weitestgehend bedeckt h\u00e4lt. Man bekommt das Gef\u00fchl, er ist wirklich angekommen im Leben, das er nun auch in vollen Z\u00fcgen genie\u00dfen soll. Wer w\u00fcrde es ihm nicht g\u00f6nnen?<a href=\"http:\/\/www.kerstins-reich.de\/buecherreich\/wp-content\/uploads\/2014\/03\/hannitasse.jpg\"><img loading=\"lazy\" decoding=\"async\" title=\"hannitasse\" style=\"border-left-width: 0px; border-right-width: 0px; background-image: none; border-bottom-width: 0px; float: right; padding-top: 0px; padding-left: 0px; margin: 20px; display: inline; padding-right: 0px; border-top-width: 0px\" border=\"0\" alt=\"hannitasse\" align=\"right\" src=\"http:\/\/www.kerstins-reich.de\/buecherreich\/wp-content\/uploads\/2014\/03\/hannitasse_thumb.jpg\" width=\"244\" height=\"212\" \/><\/a><\/p>\n<p>Die im Anschluss reichlich aus dem sehr sportinteressierten Publikum gestellten Fragen beantwortet er ebenso geduldig und ausf\u00fchrlich. Nachdem sich knappe zwei aufschlussreiche Stunden dem Ende zuneigen, steht Sven bis zum letzten Mann seinen Fans f\u00fcr Autogramme und Fotos zur Verf\u00fcgung. Ich selbst nutzte nat\u00fcrlich auch die Gelegenheit, mein mitgebrachtes Buch und meine Hanni-Tasse, die ich nunmehr schon 12 Jahre im Gebrauch hatte, signieren zu lassen. Ein rundum gelungener Abend, den ich so bald nicht vergessen werde. <\/p>\n","protected":false},"excerpt":{"rendered":"<p>Bereits im September 2013 berichtete ich \u00fcber Sven Hannawald (Rezension) und sein Buch mit dem Titel \u201cMein H\u00f6henflug, mein Absturz, meine Landung im Leben\u201d Auch hatte ich vor, nach Dresden zur Lesung zu fahren, woraus leider nichts wurde. Um so mehr freute es mich, als ich erfuhr, dass die Buchhandlung Fiedler Sven nach Neugersdorf eingeladen [&hellip;]<\/p>\n","protected":false},"author":1,"featured_media":0,"comment_status":"open","ping_status":"open","sticky":false,"template":"","format":"standard","meta":{"footnotes":""},"categories":[1],"tags":[],"class_list":["post-1536","post","type-post","status-publish","format-standard","hentry","category-allgemein"],"_links":{"self":[{"href":"https:\/\/kerstins-reich.de\/buecherreich\/index.php?rest_route=\/wp\/v2\/posts\/1536","targetHints":{"allow":["GET"]}}],"collection":[{"href":"https:\/\/kerstins-reich.de\/buecherreich\/index.php?rest_route=\/wp\/v2\/posts"}],"about":[{"href":"https:\/\/kerstins-reich.de\/buecherreich\/index.php?rest_route=\/wp\/v2\/types\/post"}],"author":[{"embeddable":true,"href":"https:\/\/kerstins-reich.de\/buecherreich\/index.php?rest_route=\/wp\/v2\/users\/1"}],"replies":[{"embeddable":true,"href":"https:\/\/kerstins-reich.de\/buecherreich\/index.php?rest_route=%2Fwp%2Fv2%2Fcomments&post=1536"}],"version-history":[{"count":2,"href":"https:\/\/kerstins-reich.de\/buecherreich\/index.php?rest_route=\/wp\/v2\/posts\/1536\/revisions"}],"predecessor-version":[{"id":1538,"href":"https:\/\/kerstins-reich.de\/buecherreich\/index.php?rest_route=\/wp\/v2\/posts\/1536\/revisions\/1538"}],"wp:attachment":[{"href":"https:\/\/kerstins-reich.de\/buecherreich\/index.php?rest_route=%2Fwp%2Fv2%2Fmedia&parent=1536"}],"wp:term":[{"taxonomy":"category","embeddable":true,"href":"https:\/\/kerstins-reich.de\/buecherreich\/index.php?rest_route=%2Fwp%2Fv2%2Fcategories&post=1536"},{"taxonomy":"post_tag","embeddable":true,"href":"https:\/\/kerstins-reich.de\/buecherreich\/index.php?rest_route=%2Fwp%2Fv2%2Ftags&post=1536"}],"curies":[{"name":"wp","href":"https:\/\/api.w.org\/{rel}","templated":true}]}}